{"provider_url": "https://www.capaobonitodosul.rs.leg.br", "title": "1\u00b0 Edi\u00e7\u00e3o do Festival Liter\u00e1rio de Cap\u00e3o Bonito do Sul", "html": "<p>\u00a0</p>\r\n<p><span><br /></span></p>\r\n<p><span>Nos dias 27, 28 e 29 de novembro, a Secretaria da Educa\u00e7\u00e3o, Cultura, Esporte e Turismo esteve realizando a primeira edi\u00e7\u00e3o do\u00a0do Festival Liter\u00e1rio de Cap\u00e3o Bonito do Sul o evento foi realizado no Gin\u00e1sio Poliesportivo Cl\u00e9lio Ramos.\u00a0</span></p>\r\n<p><span>A abertura do evento iniciou \u00e1s 14 horas do dia 27, onde foi realizada a Inaugura\u00e7\u00e3o da Biblioteca P\u00fablica Municipal Maria de Oliveira Costa \u2013 Dona Benta, que ficar\u00e1 localizada dentro do Gin\u00e1sio Poliesportivo Cl\u00e9lio Ramos. Nome este que foi um projeto realizado pelo Vereador Jonei Merib, ainda na legislatura passada, a Lei 623/2015 pode ser acessada pelo Portal da C\u00e2mara Municipal .\u00a0\u00a0</span></p>\r\n<p><span>A programa\u00e7\u00e3o do primeiro dia do Festival seguiu com visita\u00e7\u00e3o dos Estandes de Livros durante o dia todo e Sess\u00e3o de Cinema na escola Abelardo Jos\u00e9 N\u00e1cul, a partir das 20h.</span></p>\r\n<p><span>No dia 28, a programa\u00e7\u00e3o iniciou 10h com apresenta\u00e7\u00e3o cultural do Instituto Federal de Vacaria, seguindo \u00e0s 14h com a Pe\u00e7a Teatral \u201cHist\u00f3ria dos Irm\u00e3os Grimm\u201d.</span></p>\r\n<p><span>No \u00faltimo dia do evento, 29, \u00e0s 9h, foi realizada atividade sobre Monteiro Lobato, organizadas pelos alunos da escola Abelardo Jos\u00e9 Nacul, que consistem na apresenta\u00e7\u00e3o da biografia do autor Monteiro Lobato, criador do S\u00edtio do Pica Pau Amarelo, al\u00e9m de apresenta\u00e7\u00e3o de teatro, sarau cultural e apresenta\u00e7\u00e3o da Banda Ecol\u00f3gica de Muitos Cap\u00f5es. A programa\u00e7\u00e3o do Festival encerrou com a delicadeza das crian\u00e7as do Balet e Banda Municipal de Tupanci do Sul.</span></p>\r\n<p><span>Foi um enorme sucesso a primeira edi\u00e7\u00e3o do Festival Liter\u00e1rio de Cap\u00e3o Bonito do Sul.\u00a0</span></p>\r\n<p>Ressaltamos ainda a presen\u00e7a do Parlamentares Luiz Oliveira e Maria da Rosa Saibt.</p>\r\n<p>Foto: Vanusa Lopes - Assessoria de imprensa -PM</p>", "author_name": "", "version": "1.0", "author_url": "https://www.capaobonitodosul.rs.leg.br/author/cbs", "provider_name": "C\u00e2mara Municipal de Cap\u00e3o Bonito do Sul", "type": "rich"}