{"provider_url": "https://www.capaobonitodosul.rs.leg.br", "title": "C\u00e2mara associa-se a AVENOR", "html": "<p align=\"center\">\u00a0</p>\r\n<p>\u00a0</p>\r\n<p><i>Na noite de sexta-feira (15), O Presidente Adilson C. Fontana, juntamente com os Parlamentares \u00a0luiz Oliveira, Eron Porto e Jonei Merib , participaram do VIII Encontro de Vereadores e Servidores, apresenta\u00e7\u00e3o do Relat\u00f3rio Financeiro, tribuna livre e entrega da Carteira funcional dos Vereadores na cidade de Pain Filho, onde o Presidente Adilson\u00a0</i><i>assinou o termo de ades\u00e3o da (ANENOR), Associa\u00e7\u00e3o das C\u00e2maras de Vereadores do Rio Grande do Sul, conforme Resolu\u00e7\u00e3o Legislativa n\u00b0 105/2017, aprovada por unanimidade na Sess\u00e3o Plen\u00e1ria no Munic\u00edpio de Cap\u00e3o Bonito do Sul, a contar do dia 19 de outubro de 2017, assim fazendo parte das Quinze (15), C\u00e2maras associadas, Estiveram presentes autoridades populares Vereadores, Presidente da AVENOR Sr. Antuir Ricardo Pansera, Vice-Presidente Ver. Jones Cecchin, Presidente da C\u00e2mara M. de Pain Filho Ver. Vanderlei Ernesto Luppi.</i></p>\r\n<p><i><img src=\"https://www.capaobonitodosul.rs.leg.br/WhatsAppImage20171218at7.52.05AM.jpeg/@@images/50990310-0390-4c02-97b6-79cc77982144.jpeg\" alt=\"\" class=\"image-inline\" title=\"\" />\u00a0</i><img src=\"https://www.capaobonitodosul.rs.leg.br/WhatsAppImage20171218at7.52.06AM.jpeg/@@images/cb819767-b465-415d-9b81-fd347a575b2f.jpeg\" alt=\"\" class=\"image-inline\" title=\"\" /></p>\r\n<p>\u00a0</p>", "author_name": "", "version": "1.0", "author_url": "https://www.capaobonitodosul.rs.leg.br/author/cbs", "provider_name": "C\u00e2mara Municipal de Cap\u00e3o Bonito do Sul", "type": "rich"}