{"provider_url": "https://www.capaobonitodosul.rs.leg.br", "title": "Confira o que aconteceu na primeira Sess\u00e3o de Outubro!", "html": "<p><b>ATA N\u00ba 017/2020</b></p>\r\n<p><b>\u00a0</b></p>\r\n<p><b>SESS\u00c3O ORDIN\u00c1RIA, REALIZADA \u00c0S 17H </b></p>\r\n<p><b>DO DIA 17 DE OUTUBRO DE 2020 \u2013 EM PLEN\u00c1RIO VIRTUAL</b></p>\r\n<p><b>\u00a0</b></p>\r\n<p><b>Presid\u00eancia \u2013 Ver. VALCIR FICH ARRUDA</b></p>\r\n<p><b>Secretaria \u2013 Ver\u00aa. CARLA JANARA BOFF TELLES</b></p>\r\n<p align=\"center\"><b>\u00a0</b></p>\r\n<p>Presentes os Vereadores: Adilson C\u00e9sar Fontana, Artur Fernando Rieth, Carla Janara Boff Telles, Clodomiro Rodrigues Cordeiro, Jonei Merib, J\u00falio C\u00e9sar Gon\u00e7alves, Luiz Ant\u00f4nio da Silva Oliveira, Maria da Rosa Saibt e Valcir Fich Arruda. Verificado o n\u00famero regimental o senhor Presidente declara aberta a Sess\u00e3o. A seguir foi lido um trecho da b\u00edblia pelo Ver. Luiz, que \u00e9 ouvido por todos em p\u00e9. Ap\u00f3s colocou em discuss\u00e3o a ata de n\u00ba <b>16 </b>da Sess\u00e3o Ordin\u00e1ria<b> </b>de 17/09/2020<b>, </b>ningu\u00e9m se manifestou, colocada em vota\u00e7\u00e3o foi aprovada por unanimidade, na \u00edntegra. Ap\u00f3s, o <b>Sr. Presidente </b>o passou ao:</p>\r\n<p>\u00a0</p>\r\n<p align=\"center\"><b>E X P E D I E N T E :</b></p>\r\n<p>\u00a0</p>\r\n<p><b><span>PROCESSO N\u00ba 041/20</span></b></p>\r\n<p>Autor: Poder Executivo (PL N\u00ba 032/2020)</p>\r\n<p>Abre Cr\u00e9dito Adicional Especial no Or\u00e7amento Municipal de 2020<b>.</b> \u00a0</p>\r\n<p><b><span>REQUERIMENTO ESCRITO</span></b></p>\r\n<p>Autor: Ver. J\u00falio C\u00e9sar Gon\u00e7alves</p>\r\n<p>Solicitando que seja lido no Expediente a resposta do Poder Executivo ao Requerimento Verbal do Ver. Luiz Ant\u00f4nio da Silva Oliveira deferido na Sess\u00e3o Ordin\u00e1ria do dia 20/08/2020 e recebida a resposta no dia 02/09/2020.<b> </b>O<b> Sr. Presidente </b>suspendeu a Sess\u00e3o.<b> </b>Ap\u00f3s 05 (cinco) minutos, verificado n\u00famero regimental, reabriu os trabalhos. <b><span>REQUERIMENTO ESCRITO</span></b></p>\r\n<p>Autora: Ver\u00aa. Carla Janara Boff Telles</p>\r\n<p>Solicitando que seja abonada sua falta \u00e0 Sess\u00e3o Ordin\u00e1ria realizada dia 17/09/2020. Solu\u00e7\u00e3o: <b>aprovado por unanimidade. </b><b></b></p>\r\n<p><b><span>REQUERIMENTO ESCRITO</span></b></p>\r\n<p>Autor: Ver. Artur Fernando Rieth</p>\r\n<p>Solicitando que seja abonada sua falta \u00e0 Sess\u00e3o Ordin\u00e1ria realizada dia 17/09/2020. Solu\u00e7\u00e3o: <b>aprovado por unanimidade.\u00a0 </b></p>\r\n<p><b><span>Requerimentos Verbais:</span></b><b></b></p>\r\n<p><b><span>Ver. Luiz Ant\u00f4nio da Silva Oliveira</span></b><b> \u2013 1\u00ba) </b>Solicitando ao Executivo Municipal que informe esta Casa Legislativa qual o valor repassado pelo Governo Federal, por rubrica, referente repasse para refor\u00e7ar o or\u00e7amento do munic\u00edpio em rela\u00e7\u00e3o a Pandemia do Covid-19. <b>Deferido o encaminhamento. 2\u00ba) </b>Solicitando ao Executivo Municipal que atrav\u00e9s da Secretaria da Sa\u00fade e Assist\u00eancia Social informe esta Casa Legislativa quantas pessoas existem na lista de espera para realizar, seja procedimento cir\u00fargico ou algum tipo de exame especial, que dependa de uma libera\u00e7\u00e3o do SUS. Se tem algum relat\u00f3rio que encaminhe ao Vereador. <b>Deferido o encaminhamento.</b></p>\r\n<p><b><span>Ver. Jonei Merib</span></b><b> \u2013 </b>Solicitando ao Executivo Municipal que providencie, o mais breve poss\u00edvel, o encanamento do po\u00e7o artesiano que foi perfurado na Localidade conhecida como Pinheirinhos. Justificou o Vereador que tendo em vista a estiagem que aconteceu, j\u00e1 deveriam ter iniciado o encanamento deste po\u00e7o, pois o caminh\u00e3o tem que levar \u00e1gua diariamente daqui da Sede do Munic\u00edpio, v\u00e1rias vezes ao dia. Quando chegar o forte do ver\u00e3o corremos o risco de ficarmos sem \u00e1gua aqui na Sede tamb\u00e9m. Portanto que seja providenciado o encanamento desse po\u00e7o e dos outros po\u00e7os tamb\u00e9m. <b>Deferido o encaminhamento</b>.<b> </b></p>\r\n<p>\u00a0</p>", "author_name": "", "version": "1.0", "author_url": "https://www.capaobonitodosul.rs.leg.br/author/cbs", "provider_name": "C\u00e2mara Municipal de Cap\u00e3o Bonito do Sul", "type": "rich"}