{"provider_url": "https://www.capaobonitodosul.rs.leg.br", "title": "Confira!! Sess\u00e3o Ordin\u00e1ria realizada em 02 de maio.", "html": "<p><b>ATA N\u00ba 008/2019</b></p>\r\n<p align=\"center\"><b>\u00a0</b></p>\r\n<p><b>SESS\u00c3O ORDIN\u00c1RIA, REALIZADA \u00c0S 17H </b></p>\r\n<p><b>DO DIA 02 DE MAIO DE 2019</b></p>\r\n<p align=\"center\"><b>\u00a0</b></p>\r\n<p><b>Presid\u00eancia \u2013 Ver. VALCIR FICH ARRUDA</b></p>\r\n<p><b>Secretaria \u2013 Ver\u00aa. CARLA JANARA BOFF TELLES</b></p>\r\n<p align=\"center\"><b>\u00a0</b></p>\r\n<p>Presentes os Vereadores: Adilson C\u00e9sar Fontana, Artur Fernando Rieth, Carla Janara Boff Telles, Clodomiro Rodrigues Cordeiro, Jonei Merib, Julio C\u00e9sar Gon\u00e7alves, Luiz Ant\u00f4nio da Silva Oliveira, Maria da Rosa Saibt e Valcir Fich Arruda. Verificado o n\u00famero regimental o Senhor Presidente declara aberta a Sess\u00e3o</p>\r\n<p>ata de n\u00ba <b>005 </b>da Sess\u00e3o Ordin\u00e1ria<b> </b>de 17/04/19</p>\r\n<p>ata de n\u00ba <b>006</b> da Sess\u00e3o Solene de 17/04/19<b></b></p>\r\n<p><b>Solu\u00e7\u00e3o:</b> aprovadas por unanimidade</p>\r\n<p><b>\u00a0</b></p>\r\n<p align=\"center\"><b>E X P E D I E N T E :</b></p>\r\n<p align=\"center\"><b>\u00a0</b></p>\r\n<p><b><span>REQUERIMENTO ESCRITO</span></b><b> </b></p>\r\n<p>Autor: Ver. Clodomiro Rodrigues Cordeiro \u2013 Solicitando seu abono de falta \u00e0 Sess\u00e3o Ordin\u00e1ria do dia 17 de abril de 2019.</p>\r\n<p>Solu\u00e7\u00e3o: <b>aprovado por unanimidade</b></p>\r\n<p><b>\u00a0</b></p>\r\n<p align=\"center\"><b><span>Requerimentos Verbais:</span></b></p>\r\n<p><b>\u00a0<span>Ver. Clodomiro Rodrigues Cordeiro</span> \u2013 1\u00ba) </b>Solicitando ao Executivo Municipal que organize um abaixo-assinado auxiliando a popula\u00e7\u00e3o do Distrito de Barretos, pois todas as resid\u00eancias est\u00e3o sendo notificadas. Citou como exemplo o senhor Mateus que teve sua casa queimada e n\u00e3o pode reformar com o seguro porque foi embargada a obra. Mas at\u00e9 o subposto, se for o caso, tamb\u00e9m ter\u00e1 problemas quando for para ampliar. A popula\u00e7\u00e3o precisa do aux\u00edlio do Poder P\u00fablico para poder orientar-se sobre o que poder\u00e1 ser feito, pois fica entre duas BR, a BR 285 e a BR 470 e existem casas que est\u00e3o constru\u00eddas a d\u00e9cadas. A situa\u00e7\u00e3o \u00e9 grave. <b>Deferido o encaminhamento. </b></p>\r\n<p><b><span>Ver. Luiz Ant\u00f4nio da Silva Oliveira</span> \u2013 1\u00ba) </b>Solicitando ao Executivo Municipal que informe esta Casa Legislativa em qual propriedade foi realizado servi\u00e7os com m\u00e1quinas da Prefeitura no dia 01 de maio, Feriado do Dia do Trabalhador, tendo em vista ampla divulga\u00e7\u00e3o nas redes sociais. <b>Deferido o encaminhamento. 2\u00ba) \u00a0</b>Solicitando ao Executivo Municipal que atrav\u00e9s das Secretarias de Infraestrutura e\u00a0 de Agricultura, Desenvolvimento Econ\u00f4mico e Meio Ambiente\u00a0 enviem c\u00f3pias das agendas cronol\u00f3gicas dos servi\u00e7os realizados e/ou agendados de janeiro de 2018 at\u00e9 a presente data (02/05/2019). <b>Deferido o encaminhamento.</b></p>\r\n<p>\u00a0<b><span>Ver. Adilson C\u00e9sar Fontana</span> - </b>Solicitando ao Executivo Municipal que com rela\u00e7\u00e3o ao Transporte Escolar terceirizado, que envie a esta Casa Legislativa relat\u00f3rio contendo: Quantas linhas de transporte escolar terceirizada tem; Ano e modelo dos \u00f4nibus; Qual o valor pago por linha; Quais Empresas realizam o Transporte Escolar. <b>Deferido o encaminhamento.</b></p>\r\n<p>\u00a0<b><span>Ver. Jonei Merib</span> \u2013 1\u00ba) </b>Solicitando ao Executivo Municipal que atrav\u00e9s da Secretaria de Infraestrutura\u00a0 providencie a troca das l\u00e2mpadas queimadas na Rua Assis Lima. <b>Deferido o encaminhamento. 2\u00ba) </b>Solicitando ao Executivo Municipal que<b> </b>atrav\u00e9s da Secretaria de Infraestrutura\u00a0 providencie a coloca\u00e7\u00e3o de terra no terreno do senhor Leocir, na Rua Erlindo Domingos Pimentel da Silva, pois o mesmo quer construir e aproveitando que as m\u00e1quinas est\u00e3o retirando terra para constru\u00e7\u00e3o dos meio-fio em diversas ruas, esta terra pode ser levada para aterrar o terreno do senhor Leocir. <b>Deferido o encaminhamento.</b></p>\r\n<p><b><span>Ver. Valcir Fich Arruda</span></b><b> \u2013 </b>Solicitando ao Executivo Municipal que atrav\u00e9s da Secretaria de Infraestrutura\u00a0 providencie a coloca\u00e7\u00e3o de cascalho na propriedade do senhor Paulo Alair Seben, no Morro do Ratiel. <b>Deferido o encaminhamento.</b> <b></b></p>\r\n<p><b>\u00a0</b></p>\r\n<p>\u00a0</p>\r\n<p>\u00a0</p>\r\n<p>\u00a0</p>\r\n<p>\u00a0</p>", "author_name": "", "version": "1.0", "author_url": "https://www.capaobonitodosul.rs.leg.br/author/cbs", "provider_name": "C\u00e2mara Municipal de Cap\u00e3o Bonito do Sul", "type": "rich"}