{"provider_url": "https://www.capaobonitodosul.rs.leg.br", "title": "Dia de Homenagear ", "html": "<p>Na tarde desta quinta-feira dia 21 de setembro, aconteceu\u00a0<br />no Plen\u00e1rio da C\u00e2mara Municipal, Sess\u00e3o Solene em homenagem a Semana Farroupilha 2017 e aos</p>\r\n<p>Homenageados a N\u00edvel Municipal, os senhores:</p>\r\n<p>\u2022 Albino Alves de Mello<br />\u2022 Jos\u00e9 Pinto de Chagas<br />\u2022 Rico Baschera</p>\r\n<p>A Cultura Ga\u00facha teve v\u00e1rias influ\u00eancias: de espanh\u00f3is, portugueses, ind\u00edgenas, italianos e alem\u00e3es. Com estas influ\u00eancias a nossa cultura se tornou uma das culturas mais linda e admirada do mundo tanto a dan\u00e7a, m\u00fasica e costumes, como o chimarr\u00e3o.<br />O Ga\u00facho gosta tanto de suas tradi\u00e7\u00f5es que existem CTGs em todo o Brasil e at\u00e9 no exterior. O orgulho de ser Ga\u00facho \u00e9 passado de pai para filho.\u00a0<br />At\u00e9 num simples gesto de tomar um chimarr\u00e3o estamos mantendo nossa tradi\u00e7\u00e3o.<br />A Mesa Oficial foi composta pelos seguintes:<br />\u2022 O Excelent\u00edssimo Sr. Vereador Adilson C\u00e9sar Fontana - Presidente da C\u00e2mara Municipal;</p>\r\n<p>\u2022 O Excelent\u00edssimo Sr. Prefeito Municipal \u2013 Felippe Junior Rieth;</p>\r\n<p>\u2022 O Excelent\u00edssimo Sr. Vereador Artur Fernando Rieth \u2013 Patr\u00e3o do CTG Nen\u00ea Lima;</p>\r\n<p>\u2022 Os Excelent\u00edssimos Vereadores:</p>\r\n<p>Eron Jos\u00e9 Chagas Porto,\u00a0<br />Jonei Merib,\u00a0<br />Julio C\u00e9sar Gon\u00e7alves,\u00a0<br />Luiz Ant\u00f4nio da Silva Oliveira,\u00a0<br />Maria da Rosa Saibt,\u00a0<br />Raul Lisboa e\u00a0<br />Valcir Fich Arruda e os Homenageados.</p>\r\n<p>Estiveram presentes as seguintes Autoridades: Vice- Prefeito Sr. Nelson Catapan, Sr\u00aa. Carla Janara Boff Telles - Chefe de Gabinete, Sr.\u00aa Marizete Pereira Rauta, Secret\u00e1ria Municipal de Educa\u00e7\u00e3o, Cultura, Esporte e Turismo, Sr.\u00aa Luciana Lima Bolsonello Nunes \u2013 Secret\u00e1ria Municipal da Sa\u00fade e Assist\u00eancia Social, representada pela Sr\u00aa Priscila Lima de Andrade, Sr. Fernando \u00c1vila de Melo - Secret\u00e1rio Municipal da Administra\u00e7\u00e3o, Planejamento e Finan\u00e7as, Sr. Jultir Colla \u2013 Secret\u00e1rio Municipal de Infraestrutura, Representantes de Entidades e Escolas Municipais e Estadual</p>\r\n<p>Um breve trecho da biografia destes Ga\u00fachos:\u00a0<span class=\"_5mfr _47e3\"><img alt=\"\" class=\"img\" height=\"16\" src=\"https://static.xx.fbcdn.net/images/emoji.php/v9/fbc/1.5/16/1f468_200d_1f3eb.png\" width=\"16\" /><span class=\"_7oe\">\ud83d\udc68\u200d\ud83c\udfeb</span></span></p>\r\n<p>Albino Alves de Mello</p>\r\n<p>O Senhor Albino Alves de Mello nasceu no dia 18 de outubro de 1938, \u00e9 filho de Greg\u00f3rio Alves de Lima e Leda Soares de Lima.\u00a0<br />\u00c9 natural de Cap\u00e3o Bonito do Sul/RS.\u00a0<br />Grande cultivador da m\u00fasica ga\u00facha de nosso Rio Grande. Trouxe, por tr\u00eas vezes, o acordeonista e gaiteiro Porca V\u00e9ia juntamente com o Grupo Cordiona para tocarem em nosso Munic\u00edpio.<br />Cultiva a cria\u00e7\u00e3o de gado da ra\u00e7a Devon.<br />Foi fundador do Quadro de La\u00e7adores Drag\u00e3o das Coxilhas, juntamente com o senhor Ataliba Jos\u00e9 de Lima.<br />Tem uma irm\u00e3, a senhora Virgulina Lima Bolsonello.<br />Foi casado com Maria Alves de Mello.\u00a0<br />\u00c9 pai de 04 (quatro) filhos: Ana Salete de Mello, Jaime Mello, Albino Alves de Mello Junior e Ricardo Mello.</p>\r\n<p>Jos\u00e9 Pinto das Chagas</p>\r\n<p>O senhor Jos\u00e9 Pinto das Chagas nasceu no dia 06 de mar\u00e7o de 1935, \u00e9 filho de Manoel Pinto das Chagas e Balbina Batista das Chagas, \u00e9 natural de Cap\u00e3o Bonito do Sul/RS. Reside aqui desde que nasceu.<br />Casou-se aos 21 anos de idade com Olaina de Oliveira Chagas. Tiveram 10 (dez) filhos: Beloni, Ivani, Eronita (in memoriam), Etelvina, Jo\u00e3o Maria, Jos\u00e9 Elso, Larilene, Vanderlei e Luiz.<br />Tem 13(treze) netos e 11(onze) bisnetos.<br />\u00c9 agricultor.<br />Nas horas vagas pegava potros xucros e mulas para domar, tamb\u00e9m lidava com gado, at\u00e9 nos dias de hoje lida. Fazia grandes tropeadas como levar gado para S\u00e3o Jos\u00e9 do Ouro e Turvo. Nos finais de semana ia para torneios.\u00a0<br />Primeiro Piquete que come\u00e7ou a la\u00e7ar foi Piquete da Saudade.<br />Depois la\u00e7ou em v\u00e1rios Piquetes:<br />- Agropecu\u00e1ria Cimaza<br />- Tropeiro Lagoense<br />- Encontro de Amigos<br />- Rodeio Crioulo<br />- Agropecu\u00e1ria Luchese<br />- Piquete Crioulo<br />- Sinuelo da Quer\u00eancia<br />Foi fundador e Patr\u00e3o do Piquete Porteira do Rathiel, fundado em 08 de fevereiro de 2003.</p>\r\n<p>Ari Silvestre Baschera - Rico Baschera</p>\r\n<p>O senhor Rico Baschera nasceu no dia 02 de dezembro de 1961, \u00e9filho de Pradelino Baschera e Aur\u00e9lia Teston Baschera, \u00e9 natural de Ibia\u00e7\u00e1/RS. Casou-se com Cleonice Cecchin Baschera em 1985. Tem 02 (dois) filhos: Vinicius Cecchin Baschera e Augusto Cecchin Baschera, bachar\u00e9is em M\u00fasica pela Universidade de Passo Fundo e com mestrado em Portugal onde est\u00e3o residindo atualmente.<br />Rico Baschera \u00e9 m\u00fasico, autor, cantor, compositor e gaiteiro.\u00a0<br />Foi fundador e Diretor do Grupo Manota\u00e7o por 20 (vinte) anos, onde gravou e participou de 06 (seis) CDs. Possui mais de 50 (cinquenta) composi\u00e7\u00f5es editadas e gravadas por grandes nomes de nossa m\u00fasica ga\u00facha. Entre eles: Grupo Manota\u00e7o, Grupo Tranco Serrano, Grupo Gauderia\u00e7o, Ess\u00eancia Ga\u00facha, Renascen\u00e7a, Os Reis do Fandango, Xir\u00fa Pereira, Os Serranos, Os Mateadores, Jorge Freitas e Os Monarcas (sendo que este grupo gravou umas das m\u00fasicas mais tocadas em fandangos, r\u00e1dios, do sul do Brasil, a m\u00fasica intitulada \u201cDE BOTA NOVA\u201d).\u00a0<br />No ano de 2011 lan\u00e7ou pela gravadora ACIT seu primeiro CD solo \u2013 DE GAITA E DE CAMPO.<br />No ano de 2012 venceu um dos maiores festivais da m\u00fasica ga\u00facha \u2013 o 21\u00ba Ronco do Bugio em S\u00e3o Francisco de Paula-RS com a m\u00fasica ABRA\u00c7O ETERNO. Em setembro de 2012 foi o tradicionalista homenageado pelo Piquete 35.<br />Foi Fundador e apresentador do Programa PROSA E MATE da r\u00e1dio Lagoa FM, vencedor do Festival CANTE UMA CAN\u00c7\u00c3O A VACARIA, durante o 30\u00ba Rodeio Internacional de Vacaria no ano de 2014, com a m\u00fasica Z\u00c9 MENDES T\u00c1 VIVO.<br />Recebeu a Medalha Comemorativa da 53\u00aa (Quinquag\u00e9sima Terceira) Legislatura da Assembleia Legislativa do Estado do Rio Grande do Sul - gest\u00e3o 2011/2015, pela importante contribui\u00e7\u00e3o cultural prestada \u00e0 Comunidade.<br />Al\u00e9m da m\u00fasica, sempre teve grande paix\u00e3o pela pecu\u00e1ria, com propriedade no munic\u00edpio de Cap\u00e3o Bonito do Sul desde o ano de 1995.<br />Hoje reside neste Munic\u00edpio, em seu s\u00edtio \u201cRancho da Felicidade\u201d.</p>", "author_name": "", "version": "1.0", "author_url": "https://www.capaobonitodosul.rs.leg.br/author/cbs", "provider_name": "C\u00e2mara Municipal de Cap\u00e3o Bonito do Sul", "type": "rich"}