{"provider_url": "https://www.capaobonitodosul.rs.leg.br", "title": "Desfile Tradicionalista 2025", "html": "<div class=\"xdj266r x14z9mp xat24cr x1lziwak x1vvkbs x126k92a\">\r\n<div dir=\"auto\">Na tarde da \u00faltima sexta-feira (19/09), <span class=\"html-span xdj266r x14z9mp xat24cr x1lziwak xexx8yu xyri2b x18d9i69 x1c1uobl x1hl2dhg x16tdsg8 x1vvkbs\"><a class=\"html-a xdj266r x14z9mp xat24cr x1lziwak xexx8yu xyri2b x18d9i69 x1c1uobl x1hl2dhg x16tdsg8 x1vvkbs\" tabindex=\"-1\"></a></span>Cap\u00e3o Bonito do Sul se reuniu para prestigiar o Desfile Tradicionalista 2025, uma das atividades mais aguardadas dentro da programa\u00e7\u00e3o oficial dos Festejos Farroupilha. O evento contou com a participa\u00e7\u00e3o de escolas, entidades locais e tradicionalistas.</div>\r\n<div dir=\"auto\"></div>\r\n</div>\r\n<div class=\"x14z9mp xat24cr x1lziwak x1vvkbs xtlvy1s x126k92a\">\r\n<div dir=\"auto\">A C\u00e2mara de Vereadores de Cap\u00e3o Bonito do Sul foi oficialmente representada pela vice-presidente da C\u00e2mara, vereadora Carla Janara Boff Telles, conduzindo a bandeira do Poder Legislativo. Tamb\u00e9m participaram do desfile os vereadores Joaquim Leonel de Andrade , Luciana Lima Bolsonelo, Aline Guardalbem Melo e Eron Jos\u00e9 Chagas Porto.</div>\r\n<div dir=\"auto\"></div>\r\n</div>\r\n<div class=\"x14z9mp xat24cr x1lziwak x1vvkbs xtlvy1s x126k92a\">\r\n<div dir=\"auto\">O objetivo dos Festejos \u00e9 valorizar \u00e0 hist\u00f3ria ga\u00facha e \u00e0s ra\u00edzes culturais do munic\u00edpio.</div>\r\n<div dir=\"auto\"></div>\r\n</div>\r\n<div class=\"x14z9mp xat24cr x1lziwak x1vvkbs xtlvy1s x126k92a\">\r\n<div dir=\"auto\"><span class=\"html-span xexx8yu xyri2b x18d9i69 x1c1uobl x1hl2dhg x16tdsg8 x1vvkbs x3nfvp2 x1j61x8r x1fcty0u xdj266r xat24cr xm2jcoa x1mpyi22 xxymvpz xlup9mm x1kky2od\"><img alt=\"\ud83d\udcf8\" class=\"xz74otr x15mokao x1ga7v0g x16uus16 xbiv7yw\" height=\"16\" src=\"https://static.xx.fbcdn.net/images/emoji.php/v9/tde/1/16/1f4f8.png\" width=\"16\" /></span> @eufelippesouza</div>\r\n</div>", "author_name": "", "version": "1.0", "author_url": "https://www.capaobonitodosul.rs.leg.br/author/adm", "provider_name": "C\u00e2mara Municipal de Cap\u00e3o Bonito do Sul", "type": "rich"}