{"provider_url": "https://www.capaobonitodosul.rs.leg.br", "title": "Sess\u00e3o Solene Semana Farroupilha", "html": "\u201cComemorar a Semana Farroupilha \u00e9 comemorar a hist\u00f3ria de um povo que tem identidade, cultura e tradi\u00e7\u00e3o, \u00e9 reviver e relembrar os caminhos e processos que definiram nosso territ\u00f3rio e nossas caracter\u00edsticas.\r\nO solo ga\u00facho foi conquistado atrav\u00e9s da luta, a\u00ed \u00e9 que est\u00e1 a raiz da consci\u00eancia tradicionalista.\u201d\r\n.\r\nAos homenageados da Semana Farroupilha 2023, Dorival Dos Santos Mello, Gl\u00eanio Lemos Vieira, e  Jos\u00e9 Adeli Alves de Campos, foi com muita alegria que o Poder Legislativo se reuniu no dia 21 de setembro em Sess\u00e3o Solene para render homenagem aos mesmos.\r\nParab\u00e9ns ao senhor Dorival Dos Santos Mello, senhor Gl\u00eanio Lemos Vieira, e  o senhor Jos\u00e9 Adeli Alves de Campos, que elevam a nossa tradi\u00e7\u00e3o e cultura para todas as quer\u00eancias, nossos parab\u00e9ns e reconhecimento.\r\n.\r\nO Poder Legislativo de Cap\u00e3o Bonito do Sul, tamb\u00e9m faz um agradecimento Especial ao Sr. Emerson, popular Mano, e a Sr\u00aa Mariele, da Agropecu\u00e1ria Borges pelo fornecimento do pelego, dos bacheros, sovel, persuelo, socado para doma, trip\u00e9, chaleira, lamparina e c\u00e1lice, usados na decora\u00e7\u00e3o tradicionalista da Sess\u00e3o Solene.", "author_name": "", "version": "1.0", "author_url": "https://www.capaobonitodosul.rs.leg.br/author/cbs", "provider_name": "C\u00e2mara Municipal de Cap\u00e3o Bonito do Sul", "type": "rich"}