{"provider_url": "https://www.capaobonitodosul.rs.leg.br", "title": "Metas Fiscais estabelecidas e atingidas.", "html": "<div data-block=\"true\" data-editor=\"djc4f\" data-offset-key=\"3ohem-0-0\">\r\n<div class=\"_1mf _1mj\" data-offset-key=\"3ohem-0-0\"><span data-offset-key=\"3ohem-0-0\">Aconteceu na manh\u00e3 desta ter\u00e7a-feira dia (29), Audi\u00eancia P\u00fablica Municipal para avalia\u00e7\u00e3o do Cumprimento das Metas Fiscais do 1\u00b0 quadrimestre de 2018,</span></div>\r\n</div>\r\n<div data-block=\"true\" data-editor=\"djc4f\" data-offset-key=\"24eii-0-0\">\r\n<div class=\"_1mf _1mj\" data-offset-key=\"24eii-0-0\"><span data-offset-key=\"24eii-0-0\"><br data-text=\"true\" /></span></div>\r\n</div>\r\n<div data-block=\"true\" data-editor=\"djc4f\" data-offset-key=\"2k20s-0-0\">\r\n<div class=\"_1mf _1mj\" data-offset-key=\"2k20s-0-0\"><span data-offset-key=\"2k20s-0-0\">O Poder Legislativo recebeu nesta manh\u00e3 os Senhores Fernando A. de Mello Secretario M. da Administra\u00e7\u00e3o Planejamento e Finan\u00e7as que juntamente com o Contador Gustavo Rizzon Borges, fizeram um detalhamento em Audi\u00eancia P\u00fablica das informa\u00e7\u00f5es dos principais aspectos que condicionaram o desempenho das receitas, despesas e das aplica\u00e7\u00f5es em Educa\u00e7\u00e3o e Sa\u00fade. </span></div>\r\n</div>\r\n<div data-block=\"true\" data-editor=\"djc4f\" data-offset-key=\"2migq-0-0\">\r\n<div class=\"_1mf _1mj\" data-offset-key=\"2migq-0-0\"><span class=\"_3gl1 _5zz4\" data-offset-key=\"2migq-0-0\"><span class=\"_ncl\">\u27a1\ufe0f</span></span><span data-offset-key=\"2migq-1-0\">A receita or\u00e7ada para o exerc\u00edcio de 2018 foi de R$ 13.920.000,00.</span></div>\r\n</div>\r\n<div data-block=\"true\" data-editor=\"djc4f\" data-offset-key=\"9rqrf-0-0\">\r\n<div class=\"_1mf _1mj\" data-offset-key=\"9rqrf-0-0\"><span class=\"_3gl1 _5zz4\" data-offset-key=\"9rqrf-0-0\"><span class=\"_ncl\">\u27a1\ufe0f</span></span><span data-offset-key=\"9rqrf-1-0\">Metas de Arrecada\u00e7\u00e3o at\u00e9 o fim do 1\u00b0 quadrimestre R$ 4.414.539,95. </span></div>\r\n</div>\r\n<div data-block=\"true\" data-editor=\"djc4f\" data-offset-key=\"6ikja-0-0\">\r\n<div class=\"_1mf _1mj\" data-offset-key=\"6ikja-0-0\"><span class=\"_3gl1 _5zz4\" data-offset-key=\"6ikja-0-0\"><span class=\"_ncl\">\u27a1\ufe0f</span></span><span data-offset-key=\"6ikja-1-0\">Receita realizada at\u00e9 o final do 1\u00b0 quadrimestre R$ 5.123.048,71. </span></div>\r\n</div>\r\n<div data-block=\"true\" data-editor=\"djc4f\" data-offset-key=\"fnoup-0-0\">\r\n<div class=\"_1mf _1mj\" data-offset-key=\"fnoup-0-0\"><span class=\"_3gl1 _5zz4\" data-offset-key=\"fnoup-0-0\"><span class=\"_ncl\">\u27a1\ufe0f</span></span><span data-offset-key=\"fnoup-1-0\">Verificou-se um percentual de arrecada\u00e7\u00e3o maior de 16,05%, que equivale a R$ 708.508,76. </span></div>\r\n</div>\r\n<div data-block=\"true\" data-editor=\"djc4f\" data-offset-key=\"5pd69-0-0\">\r\n<div class=\"_1mf _1mj\" data-offset-key=\"5pd69-0-0\"><span class=\"_3gl1 _5zz4\" data-offset-key=\"5pd69-0-0\"><span class=\"_ncl\">\u27a1\ufe0f</span></span><span data-offset-key=\"5pd69-1-0\">Previs\u00e3o da receita l\u00edquida, sem as receitas do RPPS. O percentual da receita aplicado em Educa\u00e7\u00e3o no per\u00edodo foi de 26,53% e em sa\u00fade foi de 15,72%. </span></div>\r\n</div>\r\n<div data-block=\"true\" data-editor=\"djc4f\" data-offset-key=\"9e2kk-0-0\">\r\n<div class=\"_1mf _1mj\" data-offset-key=\"9e2kk-0-0\"><span class=\"_3gl1 _5zz4\" data-offset-key=\"9e2kk-0-0\"><span class=\"_ncl\">\u2705</span></span><span data-offset-key=\"9e2kk-1-0\">Verificou que as metas fiscais estabelecidas foram atingidas.</span></div>\r\n</div>\r\n<div data-block=\"true\" data-editor=\"djc4f\" data-offset-key=\"59u64-0-0\">\r\n<div class=\"_1mf _1mj\" data-offset-key=\"59u64-0-0\"><span data-offset-key=\"59u64-0-0\"><br data-text=\"true\" /></span></div>\r\n</div>\r\n<div data-block=\"true\" data-editor=\"djc4f\" data-offset-key=\"brlva-0-0\">\r\n<div class=\"_1mf _1mj\" data-offset-key=\"brlva-0-0\"><span class=\"_3gl1 _5zz4\" data-offset-key=\"brlva-0-0\"><span class=\"_ncl\">\ud83d\udd75\ufe0f\u200d\u2642\ufe0f</span></span><span data-offset-key=\"brlva-1-0\">Estiveram presentes membros do Poder Legislativo, Presidente Adilson C. Fontana, Vereadores Julio C. Gon\u00e7alves, Valcir Arruda, Eron Porto, Luiz Oliveira e Jonei Merib e Chefe de Gabinete Matheus Piva.</span></div>\r\n</div>", "author_name": "", "version": "1.0", "author_url": "https://www.capaobonitodosul.rs.leg.br/author/cbs", "provider_name": "C\u00e2mara Municipal de Cap\u00e3o Bonito do Sul", "type": "rich"}