{"provider_url": "https://www.capaobonitodosul.rs.leg.br", "title": "Sess\u00e3o Solene aos 22 anos de Cap\u00e3o Bonito do Sul", "html": "<p>Na tarde do dia 19 aconteceu no\u00a0<span>Plen\u00e1rio</span> da C\u00e2mara Municipal de Vereadores, Sess\u00e3o Solene alusiva ao anivers\u00e1rio do munic\u00edpio de Cap\u00e3o Bonito do Sul, aos seus 22 anos, onde estiveram presentes autoridades, Prefeito Municipal Felippe Junior Rieth, Sr. Fernando Melo - Secret\u00e1rio da Administra\u00e7\u00e3o, Planejamento e Finan\u00e7as, Sr\u00aa Marizete Vargas P. Rauta - Secret\u00e1ria de Educa\u00e7\u00e3o, Cultura,Esporte e Turismo, a Sess\u00e3o se abrilhantou com a presen\u00e7a das Soberanas do Munic\u00edpio La\u00eds <span>Abr\u00e3o\u00a0</span>Chagas - Rainha, Vanessa Cordeiro Pires - 1\u00aa Princesa e Gabrielly de Freitas Mendes 2\u00aa Princesa. A Vereadora Carla Janara Boff Telles usou a tribuna representando todas as Bancadas.</p>\r\n<p>\u00a0 \u00a0<img src=\"https://www.capaobonitodosul.rs.leg.br/DSC_0644.JPG/@@images/864f92ad-9291-4639-9154-d5b7dd5ace8a.jpeg\" alt=\"\" class=\"image-inline\" title=\"\" /></p>\r\n<p>Vereadora Carla em seu Discurso</p>\r\n<p><span>\u00a0\u00a0</span><img src=\"https://www.capaobonitodosul.rs.leg.br/DSC_0730.JPG/@@images/9fdee0dc-5fc9-4630-b868-d42b96fe1816.jpeg\" alt=\"\" class=\"image-inline\" title=\"\" /></p>\r\n<p>Prefeito Felipe e Presidente Adilson tamb\u00e9m se manifestaram.</p>\r\n<p><img src=\"https://www.capaobonitodosul.rs.leg.br/copy_of_DSC_0791.JPG/@@images/f023a4d7-9e61-435b-815e-c7d18b938cab.jpeg\" alt=\"\" class=\"image-inline\" title=\"\" /></p>", "author_name": "", "version": "1.0", "author_url": "https://www.capaobonitodosul.rs.leg.br/author/cbs", "provider_name": "C\u00e2mara Municipal de Cap\u00e3o Bonito do Sul", "type": "rich"}