{"provider_url": "https://www.capaobonitodosul.rs.leg.br", "title": "C\u00e2mara inicia debate sobre a Lei Or\u00e7ament\u00e1ria Anual para o Exerc\u00edcio Financeiro de 2020.", "html": "<p><b>ATA N\u00ba 019/2019</b></p>\r\n<p><b>\u00a0</b></p>\r\n<p><b>SESS\u00c3O ORDIN\u00c1RIA, REALIZADA \u00c0S 14H </b></p>\r\n<p><b>DO DIA 03 DE OUTUBRO DE 2019</b></p>\r\n<p><b>\u00a0</b></p>\r\n<p><b>Presid\u00eancia \u2013 Ver. VALCIR FICH ARRUDA</b></p>\r\n<p><b>Secretaria \u2013 Ver\u00aa. CARLA JANARA BOFF TELLES</b></p>\r\n<p align=\"center\"><b>\u00a0</b></p>\r\n<p>Presentes os Vereadores: Adilson C\u00e9sar Fontana, Artur Fernando Rieth, Carla Janara Boff Telles, Clodomiro Rodrigues Cordeiro, Jonei Merib, J\u00falio C\u00e9sar Gon\u00e7alves, Luiz Ant\u00f4nio da Silva Oliveira, Maria da Rosa Saibt e Valcir Fich Arruda. Verificado o n\u00famero regimental o Senhor Presidente declara aberta a Sess\u00e3o.</p>\r\n<p>\u00a0Ata de n\u00ba <b>015 </b>da Sess\u00e3o Ordin\u00e1ria<b> </b>de 19/09/19<b>, </b></p>\r\n<p>Solu\u00e7\u00e3o: aprovada por unanimidade, na \u00edntegra.</p>\r\n<p>\u00a0</p>\r\n<p align=\"center\"><b>E X P E D I E N T E :</b></p>\r\n<p>\u00a0</p>\r\n<p><b><span>Orienta\u00e7\u00e3o T\u00e9cnica n\u00ba 43.644/2019</span></b><b> </b>\u2013 do Igam referente o Processo n\u00ba 043/2019 (PL n\u00ba 033/2019)</p>\r\n<p>\u00a0<b><span>PROCESSO</span></b><b><span> N.\u00ba 045/19</span></b><b> - </b>do Poder Legislativo</p>\r\n<p>Autor: Ver. Artur Fernando Rieth (PLL n\u00ba 04/2019)</p>\r\n<p>Denomina estrada como \u201cVia Pianezolla\u201d.</p>\r\n<p>\u00a0<b><span>PROCESSO</span></b><b><span> N.\u00ba 046/19</span></b><b> - </b>do Poder Executivo (PL N\u00ba 035/19)</p>\r\n<p>Abre cr\u00e9dito especial no or\u00e7amento municipal de 2019</p>\r\n<p>\u00a0<b><span>PROCESSO</span></b><b><span> N.\u00ba 047/19</span></b><b> - </b>do Poder Executivo (PL N\u00ba 036/19)</p>\r\n<p>Estima a receita e fixa a despesa do Munic\u00edpio para o exerc\u00edcio financeiro de 2020.</p>\r\n<p><b><span>PROCESSO</span></b><b><span> N.\u00ba 048/19</span></b><b> - </b>do Poder Executivo (PL N\u00ba 037/19)</p>\r\n<p>Autoriza o Poder Legislativo a abrir cr\u00e9dito adicional suplementar no valor de R$ 82.000,00.</p>\r\n<p align=\"center\"><b><span>Requerimentos Verbais:</span></b></p>\r\n<p><b><span>Ver. </span></b><b><span>Luiz Ant\u00f4nio da Silva Oliveira</span></b><b> \u2013 1\u00ba) </b>Solicitando ao Poder Executivo Municipal que atrav\u00e9s da Secretaria Municipal de Infraestrutura coloque brita na rua em frente a E.M.E.F. Hor\u00e1cio Severo da Costa, no Distrito de Barretos. Justificou o Vereador que sempre que se aproxima as elei\u00e7\u00f5es municipais fala-se que vai ser asfaltada esta referida rua, mas passa-se administra\u00e7\u00f5es e a situa\u00e7\u00e3o continua, ent\u00e3o que seja britada a rua. <b>Deferido o encaminhamento. 2\u00ba) </b>Que seja encaminhada Mo\u00e7\u00e3o de Parab\u00e9ns aos alunos Titulares e Suplentes que participaram da Sess\u00e3o Simulada \u201cVereador Por Um Dia\u201d pelo belo exemplo que deram na C\u00e2mara Municipal. <b>Deferido o encaminhamento.</b></p>\r\n<p><b><span>Ver. Clodomiro Rodrigues Cordeiro</span></b><b> \u2013 1\u00ba)</b> Que seja encaminhado Mo\u00e7\u00e3o de Parab\u00e9ns aos alunos que hoje estiveram aqui como Vereadores Titulares e Suplentes, em especial ao aluno Samuel. <b>Deferido o encaminhamento.</b> <b>2\u00ba) </b>Que seja encaminhada Mo\u00e7\u00e3o de Parab\u00e9ns a Servidora Silvia Clarice Ribeiro Zanette pela autoria do Projeto Vereador Por Um Dia quando foi Vereadora nesta Casa Legislativa. \u201cPois eu j\u00e1 era Vereador nesta Legislatura que a Servidora Silvia, na \u00e9poca Vereadora, apresentou este Projeto muito importante para nossos jovens alunos que hoje podem estar aqui como Vereadores conhecendo o nosso trabalho e o funcionamento da C\u00e2mara Municipal\u201d. <b>Deferido o encaminhamento. </b></p>\r\n<p><b><span>Ver. Jonei Merib</span></b><b> \u2013 1\u00ba) </b>Solicitando ao Poder Executivo Municipal que atrav\u00e9s da Secretaria Municipal de Infraestrutura informe esta Casa Legislativa qual o motivo pelo qual n\u00e3o foram colocados os bueiros no Bairro Nossa Senhora Aparecida. Justificou o Vereador que os bueiros foram comprados, mas ainda n\u00e3o foram colocados. <b>Deferido o encaminhamento.</b> <b>2\u00ba) </b>Solicitando ao Poder Executivo Municipal que analise a possibilidade de fazer uma agenda com os telefoneis \u00fateis do munic\u00edpio. Justificou o Vereador que foi um pedido de um mun\u00edcipe, mas que \u00e9 importante que tenhamos esta lista com os principais telefones, como por exemplo: Escolas municipais e estadual, telefones de Barretos e das localidades, telefones de plant\u00e3o, Posto de Combust\u00edvel, Secretarias Municipais, entre outros.<b> Deferido o encaminhamento. </b></p>\r\n<p><b><span>Ver.Carla Janara Boff Telles</span></b><b> - </b>Solicitando ao Poder Executivo Municipal analise a possibilidade de construir mais um banheiro p\u00fablico no Parque de Eventos Jo\u00e3o Lindolfo Bolsonello, pr\u00f3ximo a entrada do Parque para facilitar as pessoas que ficam assistindo o la\u00e7o nos dias de Rodeio n\u00e3o terem que se deslocarem para o outro lado do Parque para usarem o banheiro, principalmente para facilitar para as pessoas mais idosas. <b>Deferido o encaminhamento.</b></p>\r\n<p>\u00a0 \u00a0\u00a0\u00a0\u00a0\u00a0\u00a0\u00a0\u00a0\u00a0\u00a0\u00a0\u00a0\u00a0\u00a0\u00a0\u00a0\u00a0</p>\r\n<p align=\"center\"><b>O R D E M\u00a0\u00a0 \u00a0D O\u00a0\u00a0\u00a0 D I A :</b></p>\r\n<p align=\"center\"><b>\u00a0</b></p>\r\n<p><b><span>PROCESSO</span></b><b><span> N.\u00ba 043/19</span></b><b> - </b>do Poder Executivo (PL N\u00ba 033/19)</p>\r\n<p>Institui o Programa de Recupera\u00e7\u00e3o Fiscal de Cap\u00e3o Bonito do Sul, para pessoas f\u00edsicas e jur\u00eddicas, e d\u00e1 outras provid\u00eancias. Com Parecer Jur\u00eddico do Igam e da Assessoria Jur\u00eddica da C\u00e2mara Municipal Favor\u00e1vel. Comiss\u00e3o de Or\u00e7amento, Finan\u00e7as e Infraestrutura Urbana e Rural. Relator: Ver. Clodomiro Rodrigues Cordeiro. Emitiu <b>Parecer Favor\u00e1vel, </b>parecer acolhido, pela Comiss\u00e3o, por unanimidade. Colocado em discuss\u00e3o se manifestou o Ver. Luiz. Colocado em vota\u00e7\u00e3o foi <b>aprovado por 07(sete) votos a favor e 01(um) voto contra (Ver. Luiz).</b></p>\r\n<p><b><span>PROCESSO</span></b><b><span> N.\u00ba 045/19</span></b><b> - </b>do Poder Legislativo</p>\r\n<p>Autor: Ver. Artur Fernando Rieth (PLL n\u00ba 04/2019) Denomina estrada como \u201cVia Pianezolla\u201d. Com Parecer Jur\u00eddico Favor\u00e1vel. Comiss\u00e3o de Constitui\u00e7\u00e3o, Reda\u00e7\u00e3o e Bem-Estar Social. Relator: Ver. Jonei Merib. Emitiu <b>Parecer Favor\u00e1vel, </b>parecer acolhido, pela Comiss\u00e3o, por unanimidade. Colocado em discuss\u00e3o ningu\u00e9m se manifestou.</p>\r\n<p>Solu\u00e7\u00e3o: <b>aprovado por unanimidade.</b></p>\r\n<p><b><span>PROCESSO</span></b><b><span> N.\u00ba 046/19</span></b><b> - </b>do Poder Executivo (PL N\u00ba 035/19)</p>\r\n<p>Abre cr\u00e9dito especial no or\u00e7amento municipal de 2019. Com Parecer Jur\u00eddico Favor\u00e1vel. Comiss\u00e3o de Or\u00e7amento, Finan\u00e7as e Infraestrutura Urbana e Rural. Relator: Ver. J\u00falio C\u00e9sar Gon\u00e7alves. Emitiu <b>Parecer Favor\u00e1vel, </b>parecer acolhido, pela Comiss\u00e3o, por unanimidade. Colocado em discuss\u00e3o ningu\u00e9m se manifestou. Colocado em vota\u00e7\u00e3o foi <b>aprovado por unanimidade.</b></p>\r\n<p><b><span>PROCESSO</span></b><b><span> N.\u00ba 048/19</span></b><b> - </b>do Poder Executivo (PL N\u00ba 037/19)</p>\r\n<p>Autoriza o Poder Legislativo a abrir cr\u00e9dito adicional suplementar no valor de R$ 82.000,00. Com Parecer Jur\u00eddico Favor\u00e1vel. Comiss\u00e3o de Or\u00e7amento, Finan\u00e7as e Infraestrutura Urbana e Rural. Relatora: Ver\u00aa. Carla Janara Boff Telles. Emitiu <b>Parecer Favor\u00e1vel, </b>parecer acolhido, pela Comiss\u00e3o, por unanimidade. Colocado em discuss\u00e3o ningu\u00e9m se manifestou. Colocado em vota\u00e7\u00e3o foi <b>aprovado por unanimidade.</b></p>\r\n<p>\u00a0</p>\r\n<p>\u00a0</p>", "author_name": "", "version": "1.0", "author_url": "https://www.capaobonitodosul.rs.leg.br/author/cbs", "provider_name": "C\u00e2mara Municipal de Cap\u00e3o Bonito do Sul", "type": "rich"}