{"provider_url": "https://www.capaobonitodosul.rs.leg.br", "title": "Vereadores fazem reivindica\u00e7\u00e3o ao Prefeito Municipal", "html": "<p><span>Na manh\u00e3 desta ter\u00e7a-feira, 7, <span>o Presidente da C\u00e2mara de Vereadores, Adilson C\u00e9sar Fontana (PMDB) \u00a0</span>\u00a0juntamente com a Vereadora Maria da Rosa Saibt (PT) e os vereadores Artur Fernando Rieth - Laranjeira (PDT), Jonei Merib (PP), J\u00falio C\u00e9sar Gon\u00e7alves (PP), Valcir Fich Arruda (PSB), Eron Jos\u00e9 Chagas Porto (PMDB), estiveram em reuni\u00e3o com o PrefeitoMunicipal<span>\u00a0Felippe Rieth.</span></span></p>\r\n<p><span><span></span></span><span>Na ocasi\u00e3o, os vereadores solicitaram a implanta\u00e7\u00e3o de quebra m</span><span class=\"textexposedshow\">olas em todo o per\u00edmetro urbano na cidade. Esta \u00e9 uma reivindica\u00e7\u00e3o dos moradores aos parlamentares, para trazer melhor seguran\u00e7a aos pedestres.</span></p>\r\n<p><span>De acordo com o prefeito, a partir desta semana j\u00e1 ser\u00e3o colocadas as placas de sinaliza\u00e7\u00e3o e dentro de 15 dias ser\u00e3o implantados os quebra molas.</span></p>\r\n<p><span>Os vereadores tamb\u00e9m solicitaram a amplia\u00e7\u00e3o da carga hor\u00e1ria dos m\u00e9dicos do munic\u00edpio, passando de 20 horas semanais para 40 horas. Segundo Felippe, o aumento da carga hor\u00e1ria de trabalho dos m\u00e9dicos traria uma agilidade no atendimento aos pacientes, al\u00e9m de possibilitar a realiza\u00e7\u00e3o de um terceiro turno no ESF do munic\u00edpio, que contar\u00e1 com um m\u00e9dico e uma t\u00e9cnica de enfermagem das 18h \u00e0s 22h.</span></p>\r\n<p><span>Para que o aumento da carga hor\u00e1ria de trabalho seja realizado, a prefeitura deve enviar um projeto de lei \u00e0 c\u00e2mara de vereadores ainda neste m\u00eas.</span></p>\r\n<p><span>No encontro tamb\u00e9m foram discutidos alguns dos projetos que ser\u00e3o desenvolvidos neste ano pela prefeitura.</span></p>\r\n<p><span>Fonte: Assessoria de Imprensa Poder Executivo.</span></p>\r\n<p><span>Foto: Vanusa Lopes</span></p>", "author_name": "", "version": "1.0", "author_url": "https://www.capaobonitodosul.rs.leg.br/author/cbs", "provider_name": "C\u00e2mara Municipal de Cap\u00e3o Bonito do Sul", "type": "rich"}