{"provider_url": "https://www.capaobonitodosul.rs.leg.br", "title": "Vereadores pedem melhorias nas estradas do interior ", "html": "<p>Na tarde desta quinta-feira dia 17 de agosto, aconteceu Sess\u00e3o Ordin\u00e1ria, sob a Presid\u00eancia do Vereador Adilson Fontana, onde juntamente com os demais Parlamentares analisaram e aprovaram os seguintes.</p>\r\n<p>ATA<br />Ata n\u00b0 018/2017 da Sess\u00e3o Ordin\u00e1ria realizado no dia 03 de agosto de 2017.<br />Solu\u00e7\u00e3o Aprovado por unanimidade</p>\r\n<p>Expediente:<br />- Oficio n\u00b0 2017/2017/GAB \u2013 do Poder Executivo \u2013 Encaminhamento dos Projetos de n\u00b0 039 e 040/2017<br />- Convite do Poder Executivo \u2013 para participar do 1\u00b0 sorteio da Campanha Nota Premiada no dia 21/08/2017, \u00e0s 10h.<br />- Convite semana Farroupilha<br />- Processo n\u00b0 047/17 \u2013 do Poder legislativo \u2013 Mesa Diretora<br />- Processo n\u00b0 048/17 \u2013 do Poder Executivo\u00a0<br />- Processo n\u00b0 049/17 \u2013 do Poder Executivo<br />- Emenda n\u00b0 01/2017 a LDO 2018.</p>\r\n<p>Pedido de indica\u00e7\u00e3o</p>\r\n<p>Indica\u00e7\u00e3o n\u00b0027/2017<br />Autora: Ver\u00aa. Maria da rosa Saibt<br />Que o Poder Executivo Municipal, atrav\u00e9s da Secretaria da Administra\u00e7\u00e3o, Planejamento e Finan\u00e7as, entre em contato com o Minist\u00e9rio da Mobilidade urbana e verifique a viabilidade de buscar recursos para a implanta\u00e7\u00e3o do Plano Diretor do Munic\u00edpio para posteriormente viabilizar a regulamenta\u00e7\u00e3o fundi\u00e1ria do Munic\u00edpio e regulariza\u00e7\u00e3o urbana.<br />Solu\u00e7\u00e3o: aprovado por unanimidade.</p>\r\n<p>Pedido de Provid\u00eancia</p>\r\n<p>Provid\u00eancia n\u00b0040/2017<br />Autor: Ver. Jonei Merib<br />Que o Poder Executivo Municipal, atrav\u00e9s da secretaria de Infraestrutura providencie o patrolamento e cascalhamento das seguintes estradas:<br />\u2022 Estrada conhecida como \u201cEstrada dos Zanette\u201d at\u00e9 o popular Silo abandonado que fica pr\u00f3ximo da Granja Guizo;<br />\u2022 Travess\u00e3o do Nery ferreira.</p>\r\n<p>Solu\u00e7\u00e3o: Aprovado por unanimidade</p>\r\n<p>Provid\u00eancia n\u00b0041/2017<br />Autor: Ver. Jonei Merib<br />Que o Pode Executivo Municipal, atrav\u00e9s da Secretaria de Administra\u00e7\u00e3o, Planejamento e Finan\u00e7as entre em contato com a empresa EcoVerde, para que o assentamento 25 de Novembro fa\u00e7a parte da coleta regular de lixo.<br />Solu\u00e7\u00e3o: Aprovado por unanimidade</p>\r\n<p>Provid\u00eancia n\u00b0042/2017<br />Autor: Ver. Julio C. Gon\u00e7alves<br />Que o Poder executivo Municipal, atrav\u00e9s da Secretaria de Infraestrutura providencie o patrolamento e cascalhamento da estrada que d\u00e1 acesso \u00e0 propriedade do Senhor Leonardo Rodrigo Ribeiro.<br />Solu\u00e7\u00e3o: Aprovado por unanimidade</p>\r\n<p>Provid\u00eancia n\u00b0043/2017<br />Autor: Ver. Julio C. Gon\u00e7alves<br />Que o Poder executivo Municipal, atrav\u00e9s da Secretaria de Infraestrutura providencie o patrolamento e cascalhamento da estrada que d\u00e1 acesso \u00e0 propriedade do Senhor Jos\u00e9 Vanderlei Alves dos Santos. Na Comunidade de Cap\u00e3o Grande.<br />Solu\u00e7\u00e3o: Aprovado por unanimidade</p>\r\n<p>Pedidos de Informa\u00e7\u00e3o</p>\r\n<p>Informa\u00e7\u00e3o n\u00b0011/2017<br />Autor: Ver. Jonei Merib<br />Que o Poder executivo Municipal, informe a est\u00e1 Casa legislativa, o que segue:<br />\u2022 J\u00e1 foi realizado algum concurso p\u00fablico com vaga para o cargo de Fiscal Ambiental;<br />\u2022 Caso n\u00e3o existe a previs\u00e3o para realiza\u00e7\u00e3o do mesmo;<br />\u2022 Atualmente o cargo encontra-se ocupado ou vago?<br />\u2022 Se ocupado, quem responde pelo mesmo, qual sua forma\u00e7\u00e3o e quais foram os crit\u00e9rios para escolha do mesmo?</p>\r\n<p>Solu\u00e7\u00e3o: Deferido o encaminhamento</p>\r\n<p>Informa\u00e7\u00e3o n\u00b0 012/2017<br />Autor: Ver. J\u00falio C. Gon\u00e7alves<br />Que o Poder executivo Municipal, informe esta Casa Legislativa, com rela\u00e7\u00e3o a Travessa que foi feita pelo Poder Executivo, paralela as Av. Benjamin Bolsonello e Av. Ataliba Jos\u00e9 de Lima junto ao lote de propriedade do Senhor Itacir Mezzomo, como n\u00e3o consta na Lei n\u00b0 072/2001, nem na Lei n\u00b0 086/2002, qual procedimento o senhor Balthazar Os\u00f3rio Padilha da silva, deve realizar para que a RGE realize a liga\u00e7\u00e3o de energia el\u00e9trica em sua resid\u00eancia.\u00a0<br />Solu\u00e7\u00e3o: Deferido o encaminhamento</p>\r\n<p>Ordem do Dia</p>\r\n<p>Processo \u00b0 041/2017 (PL n\u00b0 032/2017)<br />Autor: Poder Executivo<br />Cria e organiza o sistema Municipal de ensino do Munic\u00edpio de Cap\u00e3o Bonito do Sul \u2013 RS.<br />Solu\u00e7\u00e3o: Aprovado Por unanimidade</p>\r\n<p>Processo n/ 047/2017 (PRL n\u00b0 006/2017)<br />Autor: Poder Legislativo\u00a0<br />Altera o dia e o hor\u00e1rio da Sess\u00e3o Ordin\u00e1ria do dia 07 de setembro de 2017.<br />Solu\u00e7\u00e3o: aprovado por unanimidade</p>\r\n<p>Processo \u00b0 049/2017 (PL n\u00b0 040/2017)<br />Autor: Poder Executivo<br />Autoriza o Poder executivo a abrir Cr\u00e9dito adicional especial no valor de R$ 365.500,00.<br />Solu\u00e7\u00e3o: Aprovado por unanimidade</p>\r\n<p><span class=\"_5mfr _47e3\"><img alt=\"\" class=\"img\" height=\"16\" src=\"https://www.facebook.com/images/emoji.php/v9/fdc/1/16/26a0.png\" width=\"16\" /><span class=\"_7oe\">\u26a0\ufe0f</span></span>\u00a0Pr\u00f3xima Sess\u00e3o Ordin\u00e1ria dia 06 de setembro de 2017, \u00e0s 15h.\u00a0<span class=\"_5mfr _47e3\"><img alt=\"\" class=\"img\" height=\"16\" src=\"https://www.facebook.com/images/emoji.php/v9/ffb/1/16/1f5e3.png\" width=\"16\" /><span class=\"_7oe\">\ud83d\udde3\ufe0f</span></span></p>", "author_name": "", "version": "1.0", "author_url": "https://www.capaobonitodosul.rs.leg.br/author/cbs", "provider_name": "C\u00e2mara Municipal de Cap\u00e3o Bonito do Sul", "type": "rich"}